{"id":1256,"date":"2023-07-26T10:16:52","date_gmt":"2023-07-26T17:16:52","guid":{"rendered":"https:\/\/www.aspenglobalinnovators.org\/?post_type=stories&#038;p=1256"},"modified":"2025-06-10T13:58:28","modified_gmt":"2025-06-10T20:58:28","slug":"i-went-to-my-sons-class-to-explain-how-he-goes-to-the-bathroom-heres-why","status":"publish","type":"stories","link":"https:\/\/www.aspenglobalinnovators.org\/fr\/stories\/i-went-to-my-sons-class-to-explain-how-he-goes-to-the-bathroom-heres-why\/","title":{"rendered":"Je suis all\u00e9e dans la classe de mon fils pour lui expliquer comment il va aux toilettes. Voici pourquoi."},"content":{"rendered":"<div class=\"primary-cli cli cli-text\">\n<p>\"Si je ne peux pas faire en sorte que des personnes ayant les m\u00eames handicaps que mon fils apparaissent en personne ou dans les \u00e9missions qu'il regarde ou les livres qu'il lit, je peux faire plus d'efforts pour l'aider \u00e0 se sentir vu et compris\", \u00e9crit-elle. <a href=\"https:\/\/www.linkedin.com\/in\/hollykearl\/\" target=\"_blank\" rel=\"noopener\">Holly Kearl<\/a>Community Manager chez Aspen Global Innovators Group, dans son dernier article sur la mani\u00e8re dont nous pouvons aider les enfants handicap\u00e9s \u00e0 se sentir vus, aim\u00e9s et accept\u00e9s.<\/p>\n<p>En partageant l'histoire de son fils, Holly montre comment le fait de s'ouvrir \u00e0 nos diff\u00e9rences et de les comprendre peut en fait nous rapprocher.<\/p>\n<p>&nbsp;<\/p>\n<p>Pour en savoir plus sur le parcours de sa famille, regardez ci-dessous :<\/p>\n<\/div>\n<p>&nbsp;<\/p>\n<blockquote class=\"tiktok-embed\" cite=\"https:\/\/www.tiktok.com\/@huffpost\/video\/7128170581551418670\" data-video-id=\"7128170581551418670\" data-embed-from=\"oembed\" style=\"max-width:605px; min-width:325px;\">\n<section> <a target=\"_blank\" title=\"@huffpost\" href=\"https:\/\/www.tiktok.com\/@huffpost?refer=embed\" rel=\"noopener\">@huffpost<\/a> <\/p>\n<p>Mon fils a un <a title=\"raredisease\" target=\"_blank\" href=\"https:\/\/www.tiktok.com\/tag\/raredisease?refer=embed\" rel=\"noopener\">#RareDisease<\/a> qui touche moins de 200 000 personnes. C'est notre voyage. <a title=\"parentsdetiktok\" target=\"_blank\" href=\"https:\/\/www.tiktok.com\/tag\/parentsoftiktok?refer=embed\" rel=\"noopener\">#ParentsOfTikTok<\/a> <a title=\"l&#039;heure du conte\" target=\"_blank\" href=\"https:\/\/www.tiktok.com\/tag\/storytime?refer=embed\" rel=\"noopener\">#StoryTime<\/a> <a title=\"huffpostpersonal\" target=\"_blank\" href=\"https:\/\/www.tiktok.com\/tag\/huffpostpersonal?refer=embed\" rel=\"noopener\">#HuffPostPersonal<\/a><\/p>\n<p> <a target=\"_blank\" title=\"\u266c son original - HuffPost\" href=\"https:\/\/www.tiktok.com\/music\/original-sound-7128170589348547370?refer=embed\" rel=\"noopener\">\u266c son original - HuffPost<\/a> <\/section>\n<\/blockquote>\n<p> <script async src=\"https:\/\/www.tiktok.com\/embed.js\"><\/script><\/p>\n<p>&nbsp;<\/p>\n<p>&nbsp;<\/p>\n<p>Cliquez ci-dessous pour lire l'article complet.<\/p>","protected":false},"featured_media":1257,"template":"","publication_category":[51],"publication_theme":[80,72,57,55,68],"class_list":["post-1256","stories","type-stories","status-publish","has-post-thumbnail","hentry","publication_category-publications","publication_theme-community-building","publication_theme-disease","publication_theme-health","publication_theme-health-equity","publication_theme-youth"],"acf":[],"_links":{"self":[{"href":"https:\/\/www.aspenglobalinnovators.org\/fr\/wp-json\/wp\/v2\/stories\/1256","targetHints":{"allow":["GET"]}}],"collection":[{"href":"https:\/\/www.aspenglobalinnovators.org\/fr\/wp-json\/wp\/v2\/stories"}],"about":[{"href":"https:\/\/www.aspenglobalinnovators.org\/fr\/wp-json\/wp\/v2\/types\/stories"}],"wp:featuredmedia":[{"embeddable":true,"href":"https:\/\/www.aspenglobalinnovators.org\/fr\/wp-json\/wp\/v2\/media\/1257"}],"wp:attachment":[{"href":"https:\/\/www.aspenglobalinnovators.org\/fr\/wp-json\/wp\/v2\/media?parent=1256"}],"wp:term":[{"taxonomy":"publication_category","embeddable":true,"href":"https:\/\/www.aspenglobalinnovators.org\/fr\/wp-json\/wp\/v2\/publication_category?post=1256"},{"taxonomy":"publication_theme","embeddable":true,"href":"https:\/\/www.aspenglobalinnovators.org\/fr\/wp-json\/wp\/v2\/publication_theme?post=1256"}],"curies":[{"name":"wp","href":"https:\/\/api.w.org\/{rel}","templated":true}]}}