{"id":1587,"date":"2024-01-05T08:29:28","date_gmt":"2024-01-05T16:29:28","guid":{"rendered":"https:\/\/www.aspenglobalinnovators.org\/?post_type=stories&#038;p=1587"},"modified":"2025-06-09T13:24:51","modified_gmt":"2025-06-09T20:24:51","slug":"dr-tlaleng-mofokeng-global-excellence-award-human-rights","status":"publish","type":"stories","link":"https:\/\/www.aspenglobalinnovators.org\/fr\/stories\/dr-tlaleng-mofokeng-global-excellence-award-human-rights\/","title":{"rendered":"Le Dr. Tlaleng Mofokeng a fait l'objet d'un article dans The Citizen : Le Dr Tlaleng Mofokeng d\u00e9die son prix d'excellence mondiale aux d\u00e9fenseurs des droits de l'homme"},"content":{"rendered":"<p><a href=\"https:\/\/www.aspenglobalinnovators.org\/fr\/our_fellows\/tlaleng-mofokeng\/\" target=\"_blank\" rel=\"noopener\">Dr. Tlaleng Mofokeng<\/a>Le prix de l'excellence mondiale a \u00e9t\u00e9 d\u00e9cern\u00e9 \u00e0 un m\u00e9decin, \u00e0 un d\u00e9fenseur des droits de l'homme et \u00e0 notre boursier New Voices 2018 lors de la r\u00e9cente remise des prix d'excellence en mati\u00e8re de sant\u00e9.<\/p>\n<p>\"Cela signifie beaucoup d'\u00eatre reconnu pour son travail et l'impact de son travail. Pour moi, il a toujours \u00e9t\u00e9 question d'un travail utile et d'une diff\u00e9rence tangible dans la vie des gens\", explique le Dr Tlaleng \u00e0 The Citizen en d\u00e9diant ce prix aux d\u00e9fenseurs des droits de l'homme et \u00e0 ses coll\u00e8gues du secteur de la sant\u00e9.  \"Mes coll\u00e8gues chez nous savent ce qu'il faut faire pour accomplir ce travail, souvent en d\u00e9pit des conditions qui nous retiennent et qui nous donnent souvent l'impression que le syst\u00e8me va \u00e0 l'encontre de notre bien-\u00eatre personnel et professionnel\", ajoute-t-elle en expliquant ce qui rend ce prix encore plus sp\u00e9cial.<\/p>\n<p>Appelant ses coll\u00e8gues \u00e0 \"d\u00e9fendre l'humanit\u00e9 et la dignit\u00e9 des patients dans le syst\u00e8me de sant\u00e9 et les autres syst\u00e8mes sociaux\", le Dr Tlaleng consid\u00e8re en fin de compte la pratique de la m\u00e9decine comme un outil de d\u00e9fense des droits de l'homme.<\/p>\n<p>&nbsp;<\/p>\n<p>&nbsp;<\/p>\n<p>Pour en savoir plus sur le Dr. Tlaleng et son travail inspirant, cliquez ci-dessous.<\/p>","protected":false},"featured_media":1589,"template":"","publication_category":[46],"publication_theme":[57,55],"class_list":["post-1587","stories","type-stories","status-publish","has-post-thumbnail","hentry","publication_category-features","publication_theme-health","publication_theme-health-equity"],"acf":[],"_links":{"self":[{"href":"https:\/\/www.aspenglobalinnovators.org\/fr\/wp-json\/wp\/v2\/stories\/1587","targetHints":{"allow":["GET"]}}],"collection":[{"href":"https:\/\/www.aspenglobalinnovators.org\/fr\/wp-json\/wp\/v2\/stories"}],"about":[{"href":"https:\/\/www.aspenglobalinnovators.org\/fr\/wp-json\/wp\/v2\/types\/stories"}],"wp:featuredmedia":[{"embeddable":true,"href":"https:\/\/www.aspenglobalinnovators.org\/fr\/wp-json\/wp\/v2\/media\/1589"}],"wp:attachment":[{"href":"https:\/\/www.aspenglobalinnovators.org\/fr\/wp-json\/wp\/v2\/media?parent=1587"}],"wp:term":[{"taxonomy":"publication_category","embeddable":true,"href":"https:\/\/www.aspenglobalinnovators.org\/fr\/wp-json\/wp\/v2\/publication_category?post=1587"},{"taxonomy":"publication_theme","embeddable":true,"href":"https:\/\/www.aspenglobalinnovators.org\/fr\/wp-json\/wp\/v2\/publication_theme?post=1587"}],"curies":[{"name":"wp","href":"https:\/\/api.w.org\/{rel}","templated":true}]}}