{"id":901,"date":"2020-07-07T17:16:19","date_gmt":"2020-07-08T00:16:19","guid":{"rendered":"https:\/\/www.aspenglobalinnovators.org\/?post_type=stories&#038;p=901"},"modified":"2025-06-10T12:55:29","modified_gmt":"2025-06-10T19:55:29","slug":"want-to-fight-racism-help-homeless-families","status":"publish","type":"stories","link":"https:\/\/www.aspenglobalinnovators.org\/fr\/stories\/want-to-fight-racism-help-homeless-families\/","title":{"rendered":"Aider les familles sans abri"},"content":{"rendered":"<p>Mirth Santana, boursi\u00e8re 2020 Healthy Communities, et Raysa Rodriquez, directrice ex\u00e9cutive associ\u00e9e pour la politique et le plaidoyer au Citizens Committee for Children, \u00e9crivent dans l'article suivant <a href=\"https:\/\/www.nydailynews.com\/opinion\/ny-oped-racism-homeless-families-20200707-jhqisglwjrhenivuhtwzsshzci-story.html\" target=\"_blank\" rel=\"noopener\">NY Daily News<\/a> sur la n\u00e9cessit\u00e9 de s'attaquer au probl\u00e8me des sans-abri pour lutter contre le racisme, car 94% des centres d'h\u00e9bergement de la ville sont compos\u00e9s de familles compos\u00e9es de femmes et d'enfants noirs et latino-am\u00e9ricains.<\/p>","protected":false},"featured_media":902,"template":"","publication_category":[51],"publication_theme":[75,68],"class_list":["post-901","stories","type-stories","status-publish","has-post-thumbnail","hentry","publication_category-publications","publication_theme-prison-reform","publication_theme-youth"],"acf":[],"_links":{"self":[{"href":"https:\/\/www.aspenglobalinnovators.org\/fr\/wp-json\/wp\/v2\/stories\/901","targetHints":{"allow":["GET"]}}],"collection":[{"href":"https:\/\/www.aspenglobalinnovators.org\/fr\/wp-json\/wp\/v2\/stories"}],"about":[{"href":"https:\/\/www.aspenglobalinnovators.org\/fr\/wp-json\/wp\/v2\/types\/stories"}],"wp:featuredmedia":[{"embeddable":true,"href":"https:\/\/www.aspenglobalinnovators.org\/fr\/wp-json\/wp\/v2\/media\/902"}],"wp:attachment":[{"href":"https:\/\/www.aspenglobalinnovators.org\/fr\/wp-json\/wp\/v2\/media?parent=901"}],"wp:term":[{"taxonomy":"publication_category","embeddable":true,"href":"https:\/\/www.aspenglobalinnovators.org\/fr\/wp-json\/wp\/v2\/publication_category?post=901"},{"taxonomy":"publication_theme","embeddable":true,"href":"https:\/\/www.aspenglobalinnovators.org\/fr\/wp-json\/wp\/v2\/publication_theme?post=901"}],"curies":[{"name":"wp","href":"https:\/\/api.w.org\/{rel}","templated":true}]}}